{"id":6699,"date":"2024-11-22T11:15:24","date_gmt":"2024-11-22T11:15:24","guid":{"rendered":"https:\/\/bacomusic.fr\/?p=6699"},"modified":"2024-11-28T15:24:50","modified_gmt":"2024-11-28T15:24:50","slug":"danakil-enchaine-les-concerts-complets","status":"publish","type":"post","link":"https:\/\/bacomusic.fr\/en\/danakil-enchaine-les-concerts-complets\/","title":{"rendered":"Danakil back to back sold-out shows!"},"content":{"rendered":"<p>Danakil's tour kicks off with a bang, with a succession of sold-out dates, a sure sign of a convincing live show!<\/p>\n<p>Since the release of their album \u201cDemain peut-\u00eatre\u201d last September, a number of tracks have already proved particularly effective both on stream and in concert. The band will be touring until 2025, with over forty dates already announced, including a date at the Z\u00e9nith de Paris - La Villette that promises to be unique and unforgettable!<\/p>\n<p>Tickets and infos <a href=\"https:\/\/bacobooking.fr\/en\/artistes\/danakil\/\" target=\"_blank\" rel=\"noopener\">at this link<\/a>.<\/p>\n<p><span style=\"font-weight: 400;\">14.11 Ch\u00e2teau Rouge &#8211; Annemasse (74) <\/span><i><span style=\"font-weight: 400;\">sold out<\/span><\/i><span style=\"font-weight: 400;\"><br \/>\n<\/span><span style=\"font-weight: 400;\">15.11 Transbordeur &#8211; Lyon (69) <\/span><i><span style=\"font-weight: 400;\">sold out<\/span><\/i><span style=\"font-weight: 400;\"><br \/>\n<\/span><span style=\"font-weight: 400;\">16.11 La Sir\u00e8ne &#8211; La Rochelle (17) <\/span><i><span style=\"font-weight: 400;\">sold out<\/span><\/i><span style=\"font-weight: 400;\"><br \/>\n<\/span><span style=\"font-weight: 400;\">22.11 La Nef &#8211; Angoul\u00eame (16) <\/span><i><span style=\"font-weight: 400;\">sold out<\/span><\/i><span style=\"font-weight: 400;\"><br \/>\n<\/span><span style=\"font-weight: 400;\">23.11 Chez Narcisse &#8211; Val d\u2019Ajol (88) <\/span><i><span style=\"font-weight: 400;\">sold out<\/span><\/i><span style=\"font-weight: 400;\"><br \/>\n<\/span><span style=\"font-weight: 400;\">24.11 Point d\u2019Eau d\u2019Ostwald &#8211; Strasbourg (67) <\/span><i><span style=\"font-weight: 400;\">sold out<\/span><\/i><span style=\"font-weight: 400;\"><br \/>\n<\/span><span style=\"font-weight: 400;\">28.11 Rockstore \u2013 Montpellier (34) <\/span><i><span style=\"font-weight: 400;\">sold out<\/span><\/i><span style=\"font-weight: 400;\"><br \/>\n<\/span><span style=\"font-weight: 400;\">29.11 Le Bikini &#8211; Toulouse (31) <\/span><i><span style=\"font-weight: 400;\">sold out<\/span><\/i><span style=\"font-weight: 400;\"><br \/>\n<\/span><span style=\"font-weight: 400;\">30.11 Salle Lauga &#8211; Bayonne (64)<\/span><span style=\"font-weight: 400;\"><br \/>\n<\/span><span style=\"font-weight: 400;\">05.12 La Vapeur \u2013 Dijon (21) <\/span><i><span style=\"font-weight: 400;\">sold out<\/span><\/i><span style=\"font-weight: 400;\"><br \/>\n<\/span><span style=\"font-weight: 400;\">06.12 Fri-Son \u2013 Fribourg (CH)<\/span><span style=\"font-weight: 400;\"><br \/>\n<\/span><span style=\"font-weight: 400;\">07.12 La Cartonnerie &#8211; Reims (51) <\/span><i><span style=\"font-weight: 400;\">sold out<\/span><\/i><span style=\"font-weight: 400;\"><br \/>\n<\/span><span style=\"font-weight: 400;\">13.12 L\u2019Autre Canal &#8211; Nancy (54)<\/span><span style=\"font-weight: 400;\"><br \/>\n<\/span><span style=\"font-weight: 400;\">14.12 A\u00e9ronef \u2013 Lille (59) <\/span><i><span style=\"font-weight: 400;\">sold out<\/span><\/i><\/p>\n<p><b>2025<\/b><span style=\"font-weight: 400;\"><br \/>\n<\/span><span style=\"font-weight: 400;\">14.02 La Coop\u00e9rative de Mai &#8211; Clermont-Ferrand (63)<\/span><span style=\"font-weight: 400;\"><br \/>\n<\/span><span style=\"font-weight: 400;\">15.02 Ancienne Belgique &#8211; Bruxelles (BE)<\/span><span style=\"font-weight: 400;\"><br \/>\n<\/span><span style=\"font-weight: 400;\">21.02 Rocher de Palmer \u2013 Cenon (33)<\/span><span style=\"font-weight: 400;\"><br \/>\n<\/span><span style=\"font-weight: 400;\">22.02 Espace Crouzy &#8211; Boisseuil (87)<\/span><span style=\"font-weight: 400;\"><br \/>\n<\/span><span style=\"font-weight: 400;\">28.02 Le 106 &#8211; Rouen (76) <\/span><i><span style=\"font-weight: 400;\">sold out<\/span><\/i><span style=\"font-weight: 400;\"><br \/>\n<\/span><span style=\"font-weight: 400;\">01.03 La Luciole &#8211; Alen\u00e7on (61)<\/span><span style=\"font-weight: 400;\"><br \/>\n<\/span><span style=\"font-weight: 400;\">07.03 La Carri\u00e8re \u2013 Nantes (44)<\/span><span style=\"font-weight: 400;\"><br \/>\n<\/span><span style=\"font-weight: 400;\">08.03 La Nouvelle Sc\u00e8ne \u2013 Nesle (80)<\/span><span style=\"font-weight: 400;\"><br \/>\n<\/span><span style=\"font-weight: 400;\">13.03 La Belle Electrique \u2013 Grenoble (38)<\/span><span style=\"font-weight: 400;\"><br \/>\n<\/span><span style=\"font-weight: 400;\">14.03 6Mic &#8211; Aix-en-Provence (13)<\/span><span style=\"font-weight: 400;\"><br \/>\n<\/span><span style=\"font-weight: 400;\">15.03 Espace Malraux &#8211; Six-Fours-les-Plages (83)<\/span><span style=\"font-weight: 400;\"><br \/>\n<\/span><span style=\"font-weight: 400;\">22.03 Z\u00e9nith de Paris La Villette &#8211; Paris (75)<\/span><span style=\"font-weight: 400;\"><br \/>\n<\/span><\/p>","protected":false},"excerpt":{"rendered":"<p>Le d\u00e9but de tourn\u00e9e de Danakil est un v\u00e9ritable succ\u00e8s, les dates \u00e0 guichets ferm\u00e9s se succ\u00e8dent, signe d&rsquo;un live assur\u00e9ment convaincant ! Depuis la sortie de l\u2019album \u00ab Demain peut-\u00eatre \u00bb en septembre dernier, plusieurs morceaux se sont d\u00e9j\u00e0 impos\u00e9s comme particuli\u00e8rement efficaces autant en stream qu\u2019en concert. Le groupe est en tourn\u00e9e jusqu\u2019en [&hellip;]<\/p>\n","protected":false},"author":7,"featured_media":6704,"comment_status":"open","ping_status":"open","sticky":false,"template":"","format":"standard","meta":{"_acf_changed":false,"footnotes":""},"categories":[43,53,44,42],"tags":[],"class_list":["post-6699","post","type-post","status-publish","format-standard","has-post-thumbnail","hentry","category-booking","category-distribution","category-edition","category-label"],"acf":{"artiste":false,"relation_article_artiste":[1293]},"_links":{"self":[{"href":"https:\/\/bacomusic.fr\/en\/wp-json\/wp\/v2\/posts\/6699","targetHints":{"allow":["GET"]}}],"collection":[{"href":"https:\/\/bacomusic.fr\/en\/wp-json\/wp\/v2\/posts"}],"about":[{"href":"https:\/\/bacomusic.fr\/en\/wp-json\/wp\/v2\/types\/post"}],"author":[{"embeddable":true,"href":"https:\/\/bacomusic.fr\/en\/wp-json\/wp\/v2\/users\/7"}],"replies":[{"embeddable":true,"href":"https:\/\/bacomusic.fr\/en\/wp-json\/wp\/v2\/comments?post=6699"}],"version-history":[{"count":4,"href":"https:\/\/bacomusic.fr\/en\/wp-json\/wp\/v2\/posts\/6699\/revisions"}],"predecessor-version":[{"id":6706,"href":"https:\/\/bacomusic.fr\/en\/wp-json\/wp\/v2\/posts\/6699\/revisions\/6706"}],"acf:post":[{"embeddable":true,"href":"https:\/\/bacomusic.fr\/en\/wp-json\/wp\/v2\/artistes\/1293"}],"wp:featuredmedia":[{"embeddable":true,"href":"https:\/\/bacomusic.fr\/en\/wp-json\/wp\/v2\/media\/6704"}],"wp:attachment":[{"href":"https:\/\/bacomusic.fr\/en\/wp-json\/wp\/v2\/media?parent=6699"}],"wp:term":[{"taxonomy":"category","embeddable":true,"href":"https:\/\/bacomusic.fr\/en\/wp-json\/wp\/v2\/categories?post=6699"},{"taxonomy":"post_tag","embeddable":true,"href":"https:\/\/bacomusic.fr\/en\/wp-json\/wp\/v2\/tags?post=6699"}],"curies":[{"name":"wp","href":"https:\/\/api.w.org\/{rel}","templated":true}]}}