{"id":5609,"date":"2023-09-22T14:29:13","date_gmt":"2023-09-22T14:29:13","guid":{"rendered":"https:\/\/bacomusic.fr\/?p=5609"},"modified":"2023-09-22T14:30:02","modified_gmt":"2023-09-22T14:30:02","slug":"nouveau-clip-pour-alma-mango-avec-carats","status":"publish","type":"post","link":"https:\/\/bacomusic.fr\/en\/nouveau-clip-pour-alma-mango-avec-carats\/","title":{"rendered":"New music video for Alm\u00e4 Mango with \"Carats\"!"},"content":{"rendered":"<p>L&rsquo;album d&rsquo;<a href=\"https:\/\/bacomusic.fr\/artistes\/alma-mango\/\" target=\"_blank\" rel=\"noopener\">Alm\u00e4 Mango<\/a> \u00ab\u00a0<a href=\"https:\/\/baco.lnk.to\/Flamme\" target=\"_blank\" rel=\"noopener\">FLAMME<\/a>\u00a0\u00bb est sorti le 15\u00a0 septembre, il est \u00e0 pr\u00e9sent disponible sur <a href=\"https:\/\/baco.lnk.to\/Flamme\" target=\"_blank\" rel=\"noopener\">toutes les plateformes<\/a> !<br \/>\nPour accompagner cette sortie, le clip \u00ab\u00a0Carats\u00a0\u00bb est \u00e0 pr\u00e9sent en ligne sur <a href=\"https:\/\/www.youtube.com\/watch?v=pKcpipRMc6g\" target=\"_blank\" rel=\"noopener\">sa cha\u00eene Youtube<\/a>.<\/p>\n<p dir=\"auto\">Ce single\u00a0est un condens\u00e9 de ses mantras, \u00e0 \u00e9couter dans les moments de doute ! Sur des sonorit\u00e9s drill, arrang\u00e9es par <strong>John Makabi<\/strong> (Aya Nakamura), elle pose ici un hymne \u00e0 la motivation ultra efficace !<\/p>\n<p dir=\"auto\">Alm\u00e4 Mango sera en concert \u00e0 la Boule Noire le 03 Octobre pour f\u00eater la sortie de son album ! Plus d&rsquo;infos <a href=\"https:\/\/www.ticketmaster.fr\/fr\/manifestation\/alma-mango-billet\/idmanif\/559246\" target=\"_blank\" rel=\"noopener\">sur ce lien<\/a>.<\/p>\n<p><iframe title=\"\ud83e\udd6d Alm\u00e4 Mango - Carats [Official Video]\" width=\"500\" height=\"281\" src=\"https:\/\/www.youtube.com\/embed\/pKcpipRMc6g?feature=oembed\" frameborder=\"0\" allow=\"accelerometer; autoplay; clipboard-write; encrypted-media; gyroscope; picture-in-picture; web-share\" referrerpolicy=\"strict-origin-when-cross-origin\" allowfullscreen><\/iframe><\/p>\n<p>&nbsp;<\/p>\n<p>&nbsp;<\/p>\n","protected":false},"excerpt":{"rendered":"<p>L&rsquo;album d&rsquo;Alm\u00e4 Mango \u00ab\u00a0FLAMME\u00a0\u00bb est sorti le 15\u00a0 septembre, il est \u00e0 pr\u00e9sent disponible sur toutes les plateformes ! Pour accompagner cette sortie, le clip \u00ab\u00a0Carats\u00a0\u00bb est \u00e0 pr\u00e9sent en ligne sur sa cha\u00eene Youtube. Ce single\u00a0est un condens\u00e9 de ses mantras, \u00e0 \u00e9couter dans les moments de doute ! Sur des sonorit\u00e9s drill, arrang\u00e9es [&hellip;]<\/p>\n","protected":false},"author":2,"featured_media":5610,"comment_status":"open","ping_status":"open","sticky":false,"template":"","format":"standard","meta":{"_acf_changed":false,"footnotes":""},"categories":[43,53,44,1],"tags":[],"class_list":["post-5609","post","type-post","status-publish","format-standard","has-post-thumbnail","hentry","category-booking","category-distribution","category-edition","category-uncategorized"],"acf":{"artiste":false,"relation_article_artiste":[3450]},"_links":{"self":[{"href":"https:\/\/bacomusic.fr\/en\/wp-json\/wp\/v2\/posts\/5609","targetHints":{"allow":["GET"]}}],"collection":[{"href":"https:\/\/bacomusic.fr\/en\/wp-json\/wp\/v2\/posts"}],"about":[{"href":"https:\/\/bacomusic.fr\/en\/wp-json\/wp\/v2\/types\/post"}],"author":[{"embeddable":true,"href":"https:\/\/bacomusic.fr\/en\/wp-json\/wp\/v2\/users\/2"}],"replies":[{"embeddable":true,"href":"https:\/\/bacomusic.fr\/en\/wp-json\/wp\/v2\/comments?post=5609"}],"version-history":[{"count":2,"href":"https:\/\/bacomusic.fr\/en\/wp-json\/wp\/v2\/posts\/5609\/revisions"}],"predecessor-version":[{"id":5612,"href":"https:\/\/bacomusic.fr\/en\/wp-json\/wp\/v2\/posts\/5609\/revisions\/5612"}],"acf:post":[{"embeddable":true,"href":"https:\/\/bacomusic.fr\/en\/wp-json\/wp\/v2\/artistes\/3450"}],"wp:featuredmedia":[{"embeddable":true,"href":"https:\/\/bacomusic.fr\/en\/wp-json\/wp\/v2\/media\/5610"}],"wp:attachment":[{"href":"https:\/\/bacomusic.fr\/en\/wp-json\/wp\/v2\/media?parent=5609"}],"wp:term":[{"taxonomy":"category","embeddable":true,"href":"https:\/\/bacomusic.fr\/en\/wp-json\/wp\/v2\/categories?post=5609"},{"taxonomy":"post_tag","embeddable":true,"href":"https:\/\/bacomusic.fr\/en\/wp-json\/wp\/v2\/tags?post=5609"}],"curies":[{"name":"wp","href":"https:\/\/api.w.org\/{rel}","templated":true}]}}